{"id":828,"date":"2026-04-26T10:10:41","date_gmt":"2026-04-26T10:10:41","guid":{"rendered":"https:\/\/www.espanaaqui.com.br\/simplesopiniones\/?p=828"},"modified":"2026-04-26T13:15:20","modified_gmt":"2026-04-26T13:15:20","slug":"hablar-de-las-cosas-matar-las-cosas","status":"publish","type":"post","link":"https:\/\/www.espanaaqui.com.br\/simplesopiniones\/hablar-de-las-cosas-matar-las-cosas\/","title":{"rendered":"Hablar de las cosas, matar las cosas"},"content":{"rendered":"<p>El otro d\u00eda estaba escuchando una reflexi\u00f3n sobre la persecuci\u00f3n de lo cat\u00f3lico a lo largo de la historia contempor\u00e1nea, comenzando por la Vend\u00e9e francesa, siguiendo por la Cristiada mexicana y continuando con la Rep\u00fablica espa\u00f1ola y la Guerra Civil.<\/p>\n<p>El af\u00e1n destructivo del ser humano es hist\u00f3rico, del hombre, y de las cosas.\u00a0 De estas \u00faltimas hay episodios en algunos lugares de California con el derribo de estatuas de Col\u00f3n o de Fray Jun\u00edpero Serra, tambi\u00e9n en ex pa\u00edses comunistas, donde la figura de Lenin o Stalin es retirada como s\u00edmbolo de liberaci\u00f3n o las cl\u00e1sicas profanaciones en iglesias, eliminando s\u00edmbolos, o exponiendo valores tangenciales a trav\u00e9s de actos transgresores, como el de Rita Maestre en 2011.\u00a0 Es rese\u00f1able el sarcasmo o memetizaci\u00f3n de figuras religiosas en programas de televisi\u00f3n o pel\u00edculas.\u00a0 Matar las cosas supone re\u00edrse de la historia que ya muri\u00f3.<\/p>\n<p>Bu\u00f1uel ten\u00eda una especial debilidad por los obispos y su mitra, el otro d\u00eda el Gran Wyoming se present\u00f3 entre su c\u00e1tedra con una indimentaria simulando otro obispo, como el de Bu\u00f1uel, que imprecaba al p\u00fablico acerca de los peligros de la homosexualidad, es decir, un asunto que se reactiva a cualquier momento porque entre otras cosas, rinde audiencia segura.<\/p>\n<p>La profanaci\u00f3n de retablos, estatuas, pasos de hermandades, y hasta t\u00famulos y cad\u00e1veres en Espa\u00f1a a lo largo del siglo XIX y XX constituye uno de los episodios m\u00e1s desconocidos, sobrecogedores y vergonzantes de nuestra historia reciente que merece ser estudiada con profundidad.<\/p>\n<p>Hay una frase en lat\u00edn que la encontr\u00e9 leyendo un art\u00edculo de Larra que viene al pelo, <em>Homo sum, nihil humani a me alienum puto,<\/em> es decir, como soy humano, nada de lo humano puedo dejar de pensarlo.<\/p>\n<p>Se echa de menos tratar m\u00e1s de las cosas humanas para que los ideales no las esclavicen con ideolog\u00edas al convertirlas en fetiches contingentes, a los que haya que derribar para recomenzar nuevamente las cosas.<\/p>\n","protected":false},"excerpt":{"rendered":"<p>El otro d\u00eda estaba escuchando una reflexi\u00f3n sobre la persecuci\u00f3n de lo cat\u00f3lico a lo largo de la historia contempor\u00e1nea, comenzando por la Vend\u00e9e francesa, siguiendo por la Cristiada mexicana y continuando con la Rep\u00fablica espa\u00f1ola y la Guerra Civil. El af\u00e1n destructivo del ser humano es hist\u00f3rico, del hombre, y de las cosas.\u00a0 De &hellip; <\/p>\n<p class=\"link-more\"><a href=\"https:\/\/www.espanaaqui.com.br\/simplesopiniones\/hablar-de-las-cosas-matar-las-cosas\/\" class=\"more-link\">Continue lendo<span class=\"screen-reader-text\"> &#8220;Hablar de las cosas, matar las cosas&#8221;<\/span><\/a><\/p>\n","protected":false},"author":6,"featured_media":829,"comment_status":"open","ping_status":"open","sticky":false,"template":"","format":"standard","meta":{"_monsterinsights_skip_tracking":false,"_monsterinsights_sitenote_active":false,"_monsterinsights_sitenote_note":"","_monsterinsights_sitenote_category":0,"footnotes":""},"categories":[42],"tags":[68,109,72],"class_list":["post-828","post","type-post","status-publish","format-standard","has-post-thumbnail","hentry","category-costumbres","tag-fake-news","tag-libertad","tag-politica","entry"],"_links":{"self":[{"href":"https:\/\/www.espanaaqui.com.br\/simplesopiniones\/wp-json\/wp\/v2\/posts\/828","targetHints":{"allow":["GET"]}}],"collection":[{"href":"https:\/\/www.espanaaqui.com.br\/simplesopiniones\/wp-json\/wp\/v2\/posts"}],"about":[{"href":"https:\/\/www.espanaaqui.com.br\/simplesopiniones\/wp-json\/wp\/v2\/types\/post"}],"author":[{"embeddable":true,"href":"https:\/\/www.espanaaqui.com.br\/simplesopiniones\/wp-json\/wp\/v2\/users\/6"}],"replies":[{"embeddable":true,"href":"https:\/\/www.espanaaqui.com.br\/simplesopiniones\/wp-json\/wp\/v2\/comments?post=828"}],"version-history":[{"count":3,"href":"https:\/\/www.espanaaqui.com.br\/simplesopiniones\/wp-json\/wp\/v2\/posts\/828\/revisions"}],"predecessor-version":[{"id":832,"href":"https:\/\/www.espanaaqui.com.br\/simplesopiniones\/wp-json\/wp\/v2\/posts\/828\/revisions\/832"}],"wp:featuredmedia":[{"embeddable":true,"href":"https:\/\/www.espanaaqui.com.br\/simplesopiniones\/wp-json\/wp\/v2\/media\/829"}],"wp:attachment":[{"href":"https:\/\/www.espanaaqui.com.br\/simplesopiniones\/wp-json\/wp\/v2\/media?parent=828"}],"wp:term":[{"taxonomy":"category","embeddable":true,"href":"https:\/\/www.espanaaqui.com.br\/simplesopiniones\/wp-json\/wp\/v2\/categories?post=828"},{"taxonomy":"post_tag","embeddable":true,"href":"https:\/\/www.espanaaqui.com.br\/simplesopiniones\/wp-json\/wp\/v2\/tags?post=828"}],"curies":[{"name":"wp","href":"https:\/\/api.w.org\/{rel}","templated":true}]}}