{"id":845,"date":"2021-05-13T09:07:05","date_gmt":"2021-05-13T11:07:05","guid":{"rendered":"http:\/\/www.espanaaqui.com.br\/rincondelacultura\/?p=845"},"modified":"2021-05-13T09:07:07","modified_gmt":"2021-05-13T11:07:07","slug":"sao-paulo","status":"publish","type":"post","link":"https:\/\/www.espanaaqui.com.br\/rincondelacultura\/sao-paulo\/","title":{"rendered":"S\u00e3o Paulo"},"content":{"rendered":"\n<p>Vivo en S\u00e3o Paulo desde que nac\u00ed. He vivido en otras ciudades de otros pa\u00edses, pero en Brasil, S\u00e3o Paulo siempre ha sido mi hogar.<\/p>\n\n\n\n<p>S\u00e3o Paulo es una megal\u00f3polis con toda la energ\u00eda, dinamismo, diversidad, oportunidades y opresi\u00f3n de una gran ciudad.<\/p>\n\n\n\n<p>Existen muchas alternativas de actividades culturales, la gran mayor\u00eda de las cuales son de pago y algunas son gratuitas. Para los amantes de los museos, mi favorito es MASP, que se encuentra en la Av. Paulista y tiene f\u00e1cil acceso a trav\u00e9s del metro. Tiene una buena colecci\u00f3n permanente y las exposiciones temporales siempre son interesantes y est\u00e1n bien organizadas.<\/p>\n\n\n\n<p>En el mismo lado de la Av. Paulista est\u00e1 el IMS (Instituto Moreira Salles) de menor tama\u00f1o abierto al p\u00fablico, tiene una biblioteca y un espacio de exposici\u00f3n, en el que ya he conocido a incre\u00edbles artistas brasile\u00f1os y visto fotograf\u00edas impresionantes.<\/p>\n\n\n\n<p>Para los que gustan y pueden invertir en la buena cocina, en la planta baja del IMS est\u00e1 Balaio, del talentoso chef Rodrigo. Tambi\u00e9n chef de Mocot\u00f3 que est\u00e1 en el norte y se especializa en comida brasile\u00f1a.<\/p>\n\n\n\n<p>Aunque hace mucho que no lo visito, guardo muy buenos recuerdos del Memorial Da Am\u00e9rica Latina, tanto por las exposiciones como por la arquitectura del lugar.<\/p>\n\n\n\n<p>Tambi\u00e9n accesible por el metro de Barra Funda.<\/p>\n\n\n\n<p>Lamentablemente, S\u00e3o Paulo no tiene mucho verde. El parque m\u00e1s grande y famoso es Ibirapuera. Los fines de semana suele estar muy concurrido, por lo que recomiendo visitarlo durante la semana en el horario comercial, cuando la mayor\u00eda de la gente est\u00e1 en el trabajo.<\/p>\n\n\n\n<p>En el norte se encuentra la Serra da Cantareira, donde se puede dar un breve paseo hasta Pedra Grande y cruzar el horizonte lleno de edificios.<\/p>\n\n\n\n<p>Para los aficionados al deporte, los grandes partidos de f\u00fatbol de los campeonatos nacionales suelen tener lugar en S\u00e3o Paulo, sede de F\u00f3rmula 1 y de muchos medios maratones.<\/p>\n\n\n\n<p>Como es una ciudad que recibi\u00f3 a muchos inmigrantes, hay algunos barrios m\u00e1s t\u00edpicos como Liberdade y Bixiga.<\/p>\n\n\n\n<p>Hay muchas opciones gastron\u00f3micas de las comunidades japonesa, oriental e italiana, por ejemplo.<\/p>\n\n\n\n<p>En S\u00e3o Paulo se puede comer casi cualquier cosa a cualquier precio. Seg\u00fan su preferencia, puede degustar comida callejera e un buen restaurante.<\/p>\n\n\n\n<p>En \u00e9pocas fuera de la pandemia, hay muchos conciertos en la ciudad, tanto peque\u00f1os como grandes, desde m\u00fasica m\u00e1s politizada a m\u00e1s cl\u00e1sica. Uno de mis espacios favoritos es la Sala S\u00e3o Paulo. La pandemia tambi\u00e9n nos est\u00e1 privando de curiosas y divertidas ferias callejeras. Hay antig\u00fcedades (en el MASP, por ejemplo), artesan\u00edas, comida y esas que lo mezclan todo.<\/p>\n\n\n\n<p>Como cualquier gran ciudad, S\u00e3o Paulo requiere que tenga precauciones m\u00ednimas de seguridad, como no mostrar objetos de valor y cuidar los bolsos y objetos en sus bolsillos, como billeteras y tel\u00e9fonos celulares.<\/p>\n\n\n\n<p>Consulta siempre la previsi\u00f3n meteorol\u00f3gica, ya que las temperaturas suelen ser bastante tolerables tanto con el calor como con el fr\u00edo, pero un cambio de tiempo o la lluvia siempre pueden sorprenderte.<\/p>\n\n\n\n<p>Mariana Melo (B\u00e1sico A2, profesora Silvia Cevasco)<\/p>\n","protected":false},"excerpt":{"rendered":"<p>Vivo en S\u00e3o Paulo desde que nac\u00ed. He vivido en otras ciudades de otros pa\u00edses, pero en Brasil, S\u00e3o Paulo siempre ha sido mi hogar. S\u00e3o Paulo es una megal\u00f3polis con toda la energ\u00eda, dinamismo, diversidad, oportunidades y opresi\u00f3n de una gran ciudad. Existen muchas alternativas de actividades culturales, la gran mayor\u00eda de las cuales &hellip; <\/p>\n<p class=\"link-more\"><a href=\"https:\/\/www.espanaaqui.com.br\/rincondelacultura\/sao-paulo\/\" class=\"more-link\">Continue lendo<span class=\"screen-reader-text\"> &#8220;S\u00e3o Paulo&#8221;<\/span><\/a><\/p>\n","protected":false},"author":3,"featured_media":846,"comment_status":"open","ping_status":"open","sticky":false,"template":"","format":"standard","meta":{"footnotes":""},"categories":[10,1],"tags":[37],"class_list":["post-845","post","type-post","status-publish","format-standard","has-post-thumbnail","hentry","category-brasil-espana","category-sem-categoria","tag-sao-paulo","entry"],"_links":{"self":[{"href":"https:\/\/www.espanaaqui.com.br\/rincondelacultura\/wp-json\/wp\/v2\/posts\/845","targetHints":{"allow":["GET"]}}],"collection":[{"href":"https:\/\/www.espanaaqui.com.br\/rincondelacultura\/wp-json\/wp\/v2\/posts"}],"about":[{"href":"https:\/\/www.espanaaqui.com.br\/rincondelacultura\/wp-json\/wp\/v2\/types\/post"}],"author":[{"embeddable":true,"href":"https:\/\/www.espanaaqui.com.br\/rincondelacultura\/wp-json\/wp\/v2\/users\/3"}],"replies":[{"embeddable":true,"href":"https:\/\/www.espanaaqui.com.br\/rincondelacultura\/wp-json\/wp\/v2\/comments?post=845"}],"version-history":[{"count":1,"href":"https:\/\/www.espanaaqui.com.br\/rincondelacultura\/wp-json\/wp\/v2\/posts\/845\/revisions"}],"predecessor-version":[{"id":847,"href":"https:\/\/www.espanaaqui.com.br\/rincondelacultura\/wp-json\/wp\/v2\/posts\/845\/revisions\/847"}],"wp:featuredmedia":[{"embeddable":true,"href":"https:\/\/www.espanaaqui.com.br\/rincondelacultura\/wp-json\/wp\/v2\/media\/846"}],"wp:attachment":[{"href":"https:\/\/www.espanaaqui.com.br\/rincondelacultura\/wp-json\/wp\/v2\/media?parent=845"}],"wp:term":[{"taxonomy":"category","embeddable":true,"href":"https:\/\/www.espanaaqui.com.br\/rincondelacultura\/wp-json\/wp\/v2\/categories?post=845"},{"taxonomy":"post_tag","embeddable":true,"href":"https:\/\/www.espanaaqui.com.br\/rincondelacultura\/wp-json\/wp\/v2\/tags?post=845"}],"curies":[{"name":"wp","href":"https:\/\/api.w.org\/{rel}","templated":true}]}}