{"id":81,"date":"2010-12-05T20:22:31","date_gmt":"2010-12-05T22:22:31","guid":{"rendered":"http:\/\/www.espanaaqui.com.br\/rincondelacultura\/?p=81"},"modified":"2010-12-05T20:22:34","modified_gmt":"2010-12-05T22:22:34","slug":"la-guerra-civil-espanola-y-los-bares-de-la-av-de-mayo","status":"publish","type":"post","link":"https:\/\/www.espanaaqui.com.br\/rincondelacultura\/la-guerra-civil-espanola-y-los-bares-de-la-av-de-mayo\/","title":{"rendered":"La Guerra Civil espa\u00f1ola y los Bares de la Av. de Mayo"},"content":{"rendered":"<p>Durante la Guerra Civil en Espa\u00f1a, la Avenida de Mayo en Buenos Aires fue palco de refriegas fenomenales. Estos enfrentamientos se produc\u00edan entre los parroquianos del caf\u00e9 Iberia, bunker de los partidarios republicanos y los frecuentadores del bar Hotel Espa\u00f1ol, reducto de los que simpatizaban con el franquismo.<\/p>\n<p>Ubicados uno enfrente del otro fueron desde fines del siglo XIX, tradicionales centros de reuni\u00f3n de la intelectualidad local e internacional.<\/p>\n<p style=\"text-align: center\"><a rel=\"attachment wp-att-82\" href=\"http:\/\/www.espanaaqui.com.br\/rincondelacultura\/la-guerra-civil-espanola-y-los-bares-de-la-av-de-mayo\/avenida_de_mayo_cafe_iberia\/\"><img loading=\"lazy\" decoding=\"async\" class=\"size-medium wp-image-82 aligncenter\" src=\"http:\/\/www.espanaaqui.com.br\/rincondelacultura\/wp-content\/uploads\/2010\/12\/Avenida_de_mayo_caf\u00e9_Iberia-530x396.jpg\" alt=\"\" width=\"530\" height=\"396\" srcset=\"https:\/\/www.espanaaqui.com.br\/rincondelacultura\/wp-content\/uploads\/2010\/12\/Avenida_de_mayo_caf\u00e9_Iberia-530x396.jpg 530w, https:\/\/www.espanaaqui.com.br\/rincondelacultura\/wp-content\/uploads\/2010\/12\/Avenida_de_mayo_caf\u00e9_Iberia.jpg 800w\" sizes=\"auto, (max-width: 530px) 100vw, 530px\" \/><\/a><\/p>\n<p style=\"text-align: left\">En las primeras d\u00e9cadas del siglo XX, sus mesas vieron pasar a Jos\u00e9 Ortega y Gasset, a Baldomero Fern\u00e1ndez Moreno, a Jorge Luis Borges y se deleitaron escuchando la poes\u00eda de Alfonsina Storni y de Juana de Ibarbourou. Las\u00a0\u00a0 discusiones pol\u00edticas de Lisandro de la Torre, Alfredo Palacios o Torcuato de Alvear daban paso a un silencio respetuoso para dar o\u00eddos a las charlas de Albert Einstein o a las lecturas de la obra de Federico Garc\u00eda Lorca que estrenaba, en 1933, Bodas de Sangre en el Teatro Maipo y que permaneci\u00f3 \u00a06 meses en la capital Argentina.<\/p>\n<p>Los incidentes en el transcurso del conflicto civil eran diarios, al punto que, en marzo del 38, un cami\u00f3n se apost\u00f3 en el medio de la Avenida entre ambos bares. Uno de los grupos solidarios con la Rep\u00fablica hizo sonar por altoparlantes \u201cEl Himno de Riego\u201d agitando consignas antifascistas.<\/p>\n<p>Inmediatamente los franquistas reaccionaron arrojando desde el bar del Hotel Espa\u00f1ol tazas, vasos, mesas, sillas y todo objeto que ten\u00edan a mano sobre el \u00a0indefendible cami\u00f3n. La batahola solo termin\u00f3 con la llegada de la fuerza p\u00fablica que, en plena \u201cD\u00e9cada Infame\u201d en Argentina, respond\u00eda a un gobierno xen\u00f3fobo y pro fascista.<\/p>\n<p>En estos actos quien manifestaba, era tanto el exiliado espa\u00f1ol como el argentino que ya hab\u00eda tomado partido sobre este conflicto, y que al mismo tiempo despert\u00f3 iniciativas de movilizaci\u00f3n solidaria con Espa\u00f1a. Se materializaron en la creaci\u00f3n de m\u00e1s de un mill\u00f3n de comit\u00e9s que aportaron no solo alimentos y ropas sino tambi\u00e9n voluntarios que en un n\u00famero mayor a quinientos participaron de la Guerra Civil.<\/p>\n<p>Se dice que hubo m\u00fasicos, periodistas, traductores, ch\u00f3feres, de quienes alguna vez habr\u00e1 que contar su historia, seres humanos que argentinos o de cualquier otra nacionalidad, agregaron un retazo de su historia personal a la lucha por una causa considerada justa.<\/p>\n<p>Si bien el paso del tiempo, tiende a otorgar una cierta levedad a determinados hechos, los aqu\u00ed relatados m\u00e1s all\u00e1 de una fotograf\u00eda en blanco y negro ya desgastada en sepia, nos impacta rescatando el fervor de una \u00e9poca en que la solidaridad internacional se manifestaba en forma contundente.<\/p>\n<p><strong><span style=\"color: #ff9900\">Silvia Cevasco es profesora de Espa\u00f1a aqu\u00ed <\/span><strong><span style=\"color: #ff9900\"> \u2013 Escola de espanhol em S\u00e3o Paulo \u2013\u00a0\u00a0 Tel. (11)  3083.3334 info@espanaaqui.com.br<\/span><br \/>\n<\/strong><\/strong><\/p>\n","protected":false},"excerpt":{"rendered":"<p>Durante la Guerra Civil en Espa\u00f1a, la Avenida de Mayo en Buenos Aires fue palco de refriegas fenomenales. Estos enfrentamientos se produc\u00edan entre los parroquianos del caf\u00e9 Iberia, bunker de los partidarios republicanos y los frecuentadores del bar Hotel Espa\u00f1ol, reducto de los que simpatizaban con el franquismo. Ubicados uno enfrente del otro fueron desde &hellip; <\/p>\n<p class=\"link-more\"><a href=\"https:\/\/www.espanaaqui.com.br\/rincondelacultura\/la-guerra-civil-espanola-y-los-bares-de-la-av-de-mayo\/\" class=\"more-link\">Continue lendo<span class=\"screen-reader-text\"> &#8220;La Guerra Civil espa\u00f1ola y los Bares de la Av. de Mayo&#8221;<\/span><\/a><\/p>\n","protected":false},"author":4,"featured_media":0,"comment_status":"open","ping_status":"open","sticky":false,"template":"","format":"standard","meta":{"footnotes":""},"categories":[22],"tags":[25,24],"class_list":["post-81","post","type-post","status-publish","format-standard","hentry","category-historia","tag-buenos-aires","tag-guerra-civil-espanola","entry"],"_links":{"self":[{"href":"https:\/\/www.espanaaqui.com.br\/rincondelacultura\/wp-json\/wp\/v2\/posts\/81","targetHints":{"allow":["GET"]}}],"collection":[{"href":"https:\/\/www.espanaaqui.com.br\/rincondelacultura\/wp-json\/wp\/v2\/posts"}],"about":[{"href":"https:\/\/www.espanaaqui.com.br\/rincondelacultura\/wp-json\/wp\/v2\/types\/post"}],"author":[{"embeddable":true,"href":"https:\/\/www.espanaaqui.com.br\/rincondelacultura\/wp-json\/wp\/v2\/users\/4"}],"replies":[{"embeddable":true,"href":"https:\/\/www.espanaaqui.com.br\/rincondelacultura\/wp-json\/wp\/v2\/comments?post=81"}],"version-history":[{"count":11,"href":"https:\/\/www.espanaaqui.com.br\/rincondelacultura\/wp-json\/wp\/v2\/posts\/81\/revisions"}],"predecessor-version":[{"id":93,"href":"https:\/\/www.espanaaqui.com.br\/rincondelacultura\/wp-json\/wp\/v2\/posts\/81\/revisions\/93"}],"wp:attachment":[{"href":"https:\/\/www.espanaaqui.com.br\/rincondelacultura\/wp-json\/wp\/v2\/media?parent=81"}],"wp:term":[{"taxonomy":"category","embeddable":true,"href":"https:\/\/www.espanaaqui.com.br\/rincondelacultura\/wp-json\/wp\/v2\/categories?post=81"},{"taxonomy":"post_tag","embeddable":true,"href":"https:\/\/www.espanaaqui.com.br\/rincondelacultura\/wp-json\/wp\/v2\/tags?post=81"}],"curies":[{"name":"wp","href":"https:\/\/api.w.org\/{rel}","templated":true}]}}